{"id":127,"date":"2016-10-19T17:23:49","date_gmt":"2016-10-19T17:23:49","guid":{"rendered":"http:\/\/fitness3.mythemecloud.io\/?p=127"},"modified":"2022-04-10T18:27:42","modified_gmt":"2022-04-10T16:27:42","slug":"neque-adipiscing-an-cursus","status":"publish","type":"post","link":"https:\/\/kreyo-culture.com\/?p=127","title":{"rendered":"La France, un espace cr\u00e9olo-francophone"},"content":{"rendered":"<h2><b>Souvent, certains ignorent que la France compte des locuteurs cr\u00e9olophones. Pourtant, il existe un nombre non n\u00e9gligeable de cr\u00e9olophones de France. Ils sont, en r\u00e9alit\u00e9, des usagers des langues appel\u00e9es g\u00e9n\u00e9ralement des langues minoritaires ou encore r\u00e9gionales. Celles-ci ont parfois une fonction de mati\u00e8re \u00e0 enseigner \u00e0 l&rsquo;\u00e9cole ou \u00e0 l&rsquo;universit\u00e9.\u00a0<\/b><\/h2>\n<p><strong>Les cr\u00e9oles d\u00e9riv\u00e9s du fran\u00e7ais ou encore dans le langage scientifique \u00ab\u00a0<em>Les cr\u00e9oles \u00e0 base lexicale fran\u00e7aise\u00a0\u00bb<\/em> constituent un ensemble de vari\u00e9t\u00e9s linguistiques. En effet, les cr\u00e9oles d\u00e9riv\u00e9s du fran\u00e7ais sont domin\u00e9s par un vocabulaire provenant du fran\u00e7ais utilis\u00e9 en France. Ces cr\u00e9oles \u00e0 base lexicale fran\u00e7aise sont constitu\u00e9s d&rsquo;environ 80% des mots provenant du fran\u00e7ais et pr\u00e8s de 30% d&rsquo;\u00e9l\u00e9ments syntaxiques (grammaire) des langues africaines, telles le wolof, le fon, l&rsquo;\u00e9w\u00e9, le kikongo, le yoruba et l&rsquo;igbo.\u00a0<\/strong><\/p>\n<h2>Naissance<strong> des cr\u00e9oles : comment est-ce possible ? \u00a0<\/strong><\/h2>\n<p><strong>En effet, ces cr\u00e9oles ont pris naissance \u00e0 partir du XVII\u00e8me si\u00e8cle dans le contexte socioculturel de l&rsquo;esclavage o\u00f9 le fran\u00e7ais cohabitait avec les langues africaines du temps de la colonisation fran\u00e7aise. Les esclaves que les colons fran\u00e7ais avaient fait venir dans les colonies fran\u00e7aises (Martinique, Guyane, Guadeloupe, Ile d&rsquo;Ha\u00efti, Ile de la R\u00e9union, La Nouvelle Cal\u00e9donie, etc.) ne parlaient que les langues de leurs anc\u00eatres (langues africaines). Dans les colonies fran\u00e7aises, les esclaves \u00e9taient confront\u00e9s \u00e0 un besoin de communication entre eux qui ne parlaient pas les m\u00eames langues africaines et les colons fran\u00e7ais qui ne connaissaient pas forcement ces langues l\u00e0. Ainsi, \u00e0 force d&rsquo;\u00e9changes et d&rsquo;interactions sociolinguistiques, culturelles pendant des ann\u00e9es, les esclaves ont pu arriver \u00e0 trouver un moyen de communication commune : le cr\u00e9ole. Du coup, tout se qui est n\u00e9 dans les colonies est appel\u00e9 cr\u00e9ole: <em>poule cr\u00e9ole, blanc cr\u00e9ole, plante cr\u00e9ole<\/em>, etc.\u00a0<\/strong><\/p>\n<h2><strong>Les cr\u00e9oles ou la dynamique des espaces et des locuteurs\u00a0\u00a0<\/strong><\/h2>\n<p><strong>Aujourd&rsquo;hui, m\u00eame si les cr\u00e9oles peuvent \u00eatre parl\u00e9s partout sur le territoire fran\u00e7ais, ils sont localis\u00e9s initialement dans une r\u00e9gion particuli\u00e8re du pays (DOM-TOM). En 1999, le cr\u00e9ole \u00e0 base fran\u00e7aise en France est la langue r\u00e9gionale la plus utilis\u00e9e, avec 2,5 millions de locuteurs (Franceinfo).<\/strong><\/p>\n<p><strong>Plus de 20 ans apr\u00e8s, cet idiome va croissant dans la mesure o\u00f9 la diversit\u00e9 linguistique et culturelle s&rsquo;ouvre sur les langues r\u00e9gionales y compris les cr\u00e9oles \u00e0 base lexicale fran\u00e7aise.<\/strong><\/p>\n<p><strong>Le cr\u00e9ole est enseign\u00e9 \u00e0 l&rsquo;\u00e9cole et dans certaines universit\u00e9s en France. Un capes cr\u00e9ole est m\u00eame mis en place pour la formation des ma\u00eetres.\u00a0 Chaque ann\u00e9e, des associations dont Dife kako organisent des <em>Le Mois Kreyol<\/em> en France.\u00a0<\/strong><\/p>\n<p><strong>\u00a0<\/strong><strong>Kreyo-culture<\/strong><\/p>\n","protected":false},"excerpt":{"rendered":"<p>Souvent, certains ignorent que la France compte des locuteurs cr\u00e9olophones. Pourtant, il existe un nombre non n\u00e9gligeable de cr\u00e9olophones de France. Ils sont, en r\u00e9alit\u00e9, des usagers des langues appel\u00e9es g\u00e9n\u00e9ralement des langues minoritaires ou encore r\u00e9gionales. Celles-ci ont parfois une fonction de mati\u00e8re \u00e0 enseigner \u00e0 l&rsquo;\u00e9cole ou \u00e0 l&rsquo;universit\u00e9.\u00a0 Les cr\u00e9oles d\u00e9riv\u00e9s du [&hellip;]<\/p>\n","protected":false},"author":1,"featured_media":466,"comment_status":"open","ping_status":"open","sticky":false,"template":"","format":"standard","meta":{"ocean_post_layout":"both-sidebars","ocean_both_sidebars_style":"","ocean_both_sidebars_content_width":0,"ocean_both_sidebars_sidebars_width":0,"ocean_sidebar":"0","ocean_second_sidebar":"0","ocean_disable_margins":"enable","ocean_add_body_class":"","ocean_shortcode_before_top_bar":"","ocean_shortcode_after_top_bar":"","ocean_shortcode_before_header":"","ocean_shortcode_after_header":"","ocean_has_shortcode":"","ocean_shortcode_after_title":"","ocean_shortcode_before_footer_widgets":"","ocean_shortcode_after_footer_widgets":"","ocean_shortcode_before_footer_bottom":"","ocean_shortcode_after_footer_bottom":"","ocean_display_top_bar":"default","ocean_display_header":"default","ocean_header_style":"","ocean_center_header_left_menu":"0","ocean_custom_header_template":"0","ocean_custom_logo":0,"ocean_custom_retina_logo":0,"ocean_custom_logo_max_width":0,"ocean_custom_logo_tablet_max_width":0,"ocean_custom_logo_mobile_max_width":0,"ocean_custom_logo_max_height":0,"ocean_custom_logo_tablet_max_height":0,"ocean_custom_logo_mobile_max_height":0,"ocean_header_custom_menu":"0","ocean_menu_typo_font_family":"0","ocean_menu_typo_font_subset":"","ocean_menu_typo_font_size":0,"ocean_menu_typo_font_size_tablet":0,"ocean_menu_typo_font_size_mobile":0,"ocean_menu_typo_font_size_unit":"px","ocean_menu_typo_font_weight":"","ocean_menu_typo_font_weight_tablet":"","ocean_menu_typo_font_weight_mobile":"","ocean_menu_typo_transform":"","ocean_menu_typo_transform_tablet":"","ocean_menu_typo_transform_mobile":"","ocean_menu_typo_line_height":0,"ocean_menu_typo_line_height_tablet":0,"ocean_menu_typo_line_height_mobile":0,"ocean_menu_typo_line_height_unit":"","ocean_menu_typo_spacing":0,"ocean_menu_typo_spacing_tablet":0,"ocean_menu_typo_spacing_mobile":0,"ocean_menu_typo_spacing_unit":"","ocean_menu_link_color":"","ocean_menu_link_color_hover":"","ocean_menu_link_color_active":"","ocean_menu_link_background":"","ocean_menu_link_hover_background":"","ocean_menu_link_active_background":"","ocean_menu_social_links_bg":"","ocean_menu_social_hover_links_bg":"","ocean_menu_social_links_color":"","ocean_menu_social_hover_links_color":"","ocean_disable_title":"default","ocean_disable_heading":"default","ocean_post_title":"","ocean_post_subheading":"","ocean_post_title_style":"","ocean_post_title_background_color":"","ocean_post_title_background":0,"ocean_post_title_bg_image_position":"","ocean_post_title_bg_image_attachment":"","ocean_post_title_bg_image_repeat":"","ocean_post_title_bg_image_size":"","ocean_post_title_height":0,"ocean_post_title_bg_overlay":0.5,"ocean_post_title_bg_overlay_color":"","ocean_disable_breadcrumbs":"default","ocean_breadcrumbs_color":"","ocean_breadcrumbs_separator_color":"","ocean_breadcrumbs_links_color":"","ocean_breadcrumbs_links_hover_color":"","ocean_display_footer_widgets":"default","ocean_display_footer_bottom":"default","ocean_custom_footer_template":"0","ocean_post_oembed":"","ocean_post_self_hosted_media":"","ocean_post_video_embed":"","ocean_link_format":"","ocean_link_format_target":"self","ocean_quote_format":"","ocean_quote_format_link":"post","ocean_gallery_link_images":"off","ocean_gallery_id":[],"footnotes":""},"categories":[7,1],"tags":[40,26,42,34,43,13,39,38,37,41],"class_list":["post-127","post","type-post","status-publish","format-standard","has-post-thumbnail","hentry","category-la-decouverte-du-creole-haitien","category-kreyo-culture-guide","tag-antilles","tag-creole","tag-creolo-francophone","tag-creolophonie","tag-espace","tag-france","tag-guadeloupe","tag-guyane","tag-martinique","tag-reunion","entry","has-media"],"yoast_head":"<!-- This site is optimized with the Yoast SEO plugin v27.5 - https:\/\/yoast.com\/product\/yoast-seo-wordpress\/ -->\n<title>La France, un espace cr\u00e9olo-francophone - Kreyo-culture<\/title>\n<meta name=\"robots\" content=\"index, follow, max-snippet:-1, max-image-preview:large, max-video-preview:-1\" \/>\n<link rel=\"canonical\" href=\"https:\/\/kreyo-culture.com\/?p=127\" \/>\n<meta property=\"og:locale\" content=\"fr_FR\" \/>\n<meta property=\"og:type\" content=\"article\" \/>\n<meta property=\"og:title\" content=\"La France, un espace cr\u00e9olo-francophone - Kreyo-culture\" \/>\n<meta property=\"og:description\" content=\"Souvent, certains ignorent que la France compte des locuteurs cr\u00e9olophones. Pourtant, il existe un nombre non n\u00e9gligeable de cr\u00e9olophones de France. Ils sont, en r\u00e9alit\u00e9, des usagers des langues appel\u00e9es g\u00e9n\u00e9ralement des langues minoritaires ou encore r\u00e9gionales. Celles-ci ont parfois une fonction de mati\u00e8re \u00e0 enseigner \u00e0 l&rsquo;\u00e9cole ou \u00e0 l&rsquo;universit\u00e9.\u00a0 Les cr\u00e9oles d\u00e9riv\u00e9s du [&hellip;]\" \/>\n<meta property=\"og:url\" content=\"https:\/\/kreyo-culture.com\/?p=127\" \/>\n<meta property=\"og:site_name\" content=\"Kreyo-culture\" \/>\n<meta property=\"article:publisher\" content=\"https:\/\/ms-my.facebook.com\/watch\/Kreyoculture\/\" \/>\n<meta property=\"article:published_time\" content=\"2016-10-19T17:23:49+00:00\" \/>\n<meta property=\"article:modified_time\" content=\"2022-04-10T16:27:42+00:00\" \/>\n<meta property=\"og:image\" content=\"https:\/\/kreyo-culture.com\/wp-content\/uploads\/2016\/10\/Nuage-de-mots-avec-le-creole-a-base-lexicale-francaise-France-DOM-TOM-Guyane-Guadeloupe-Martinique-La-Reunion-Kreyo-culture-Bartholy-PIERRE-LOUIS.png\" \/>\n\t<meta property=\"og:image:width\" content=\"2088\" \/>\n\t<meta property=\"og:image:height\" content=\"1044\" \/>\n\t<meta property=\"og:image:type\" content=\"image\/png\" \/>\n<meta name=\"author\" content=\"Max\" \/>\n<meta name=\"twitter:card\" content=\"summary_large_image\" \/>\n<meta name=\"twitter:label1\" content=\"\u00c9crit par\" \/>\n\t<meta name=\"twitter:data1\" content=\"Max\" \/>\n\t<meta name=\"twitter:label2\" content=\"Dur\u00e9e de lecture estim\u00e9e\" \/>\n\t<meta name=\"twitter:data2\" content=\"3 minutes\" \/>\n<script type=\"application\/ld+json\" class=\"yoast-schema-graph\">{\"@context\":\"https:\\\/\\\/schema.org\",\"@graph\":[{\"@type\":\"Article\",\"@id\":\"https:\\\/\\\/kreyo-culture.com\\\/?p=127#article\",\"isPartOf\":{\"@id\":\"https:\\\/\\\/kreyo-culture.com\\\/?p=127\"},\"author\":{\"name\":\"Max\",\"@id\":\"https:\\\/\\\/kreyo-culture.com\\\/#\\\/schema\\\/person\\\/0aaa410a5d460cbe5d00d707f3929657\"},\"headline\":\"La France, un espace cr\u00e9olo-francophone\",\"datePublished\":\"2016-10-19T17:23:49+00:00\",\"dateModified\":\"2022-04-10T16:27:42+00:00\",\"mainEntityOfPage\":{\"@id\":\"https:\\\/\\\/kreyo-culture.com\\\/?p=127\"},\"wordCount\":477,\"commentCount\":0,\"publisher\":{\"@id\":\"https:\\\/\\\/kreyo-culture.com\\\/#organization\"},\"image\":{\"@id\":\"https:\\\/\\\/kreyo-culture.com\\\/?p=127#primaryimage\"},\"thumbnailUrl\":\"https:\\\/\\\/kreyo-culture.com\\\/wp-content\\\/uploads\\\/2016\\\/10\\\/Nuage-de-mots-avec-le-creole-a-base-lexicale-francaise-France-DOM-TOM-Guyane-Guadeloupe-Martinique-La-Reunion-Kreyo-culture-Bartholy-PIERRE-LOUIS.png\",\"keywords\":[\"Antilles\",\"Cr\u00e9ole\",\"cr\u00e9olo-francophone\",\"Cr\u00e9olophonie\",\"Espace\",\"France\",\"Guadeloupe\",\"Guyane\",\"Martinique\",\"R\u00e9union\"],\"articleSection\":[\"J'apprends le cr\u00e9ole ha\u00eftien\",\"Kreyo-culture | Guide\"],\"inLanguage\":\"fr-FR\",\"potentialAction\":[{\"@type\":\"CommentAction\",\"name\":\"Comment\",\"target\":[\"https:\\\/\\\/kreyo-culture.com\\\/?p=127#respond\"]}]},{\"@type\":\"WebPage\",\"@id\":\"https:\\\/\\\/kreyo-culture.com\\\/?p=127\",\"url\":\"https:\\\/\\\/kreyo-culture.com\\\/?p=127\",\"name\":\"La France, un espace cr\u00e9olo-francophone - Kreyo-culture\",\"isPartOf\":{\"@id\":\"https:\\\/\\\/kreyo-culture.com\\\/#website\"},\"primaryImageOfPage\":{\"@id\":\"https:\\\/\\\/kreyo-culture.com\\\/?p=127#primaryimage\"},\"image\":{\"@id\":\"https:\\\/\\\/kreyo-culture.com\\\/?p=127#primaryimage\"},\"thumbnailUrl\":\"https:\\\/\\\/kreyo-culture.com\\\/wp-content\\\/uploads\\\/2016\\\/10\\\/Nuage-de-mots-avec-le-creole-a-base-lexicale-francaise-France-DOM-TOM-Guyane-Guadeloupe-Martinique-La-Reunion-Kreyo-culture-Bartholy-PIERRE-LOUIS.png\",\"datePublished\":\"2016-10-19T17:23:49+00:00\",\"dateModified\":\"2022-04-10T16:27:42+00:00\",\"breadcrumb\":{\"@id\":\"https:\\\/\\\/kreyo-culture.com\\\/?p=127#breadcrumb\"},\"inLanguage\":\"fr-FR\",\"potentialAction\":[{\"@type\":\"ReadAction\",\"target\":[\"https:\\\/\\\/kreyo-culture.com\\\/?p=127\"]}]},{\"@type\":\"ImageObject\",\"inLanguage\":\"fr-FR\",\"@id\":\"https:\\\/\\\/kreyo-culture.com\\\/?p=127#primaryimage\",\"url\":\"https:\\\/\\\/kreyo-culture.com\\\/wp-content\\\/uploads\\\/2016\\\/10\\\/Nuage-de-mots-avec-le-creole-a-base-lexicale-francaise-France-DOM-TOM-Guyane-Guadeloupe-Martinique-La-Reunion-Kreyo-culture-Bartholy-PIERRE-LOUIS.png\",\"contentUrl\":\"https:\\\/\\\/kreyo-culture.com\\\/wp-content\\\/uploads\\\/2016\\\/10\\\/Nuage-de-mots-avec-le-creole-a-base-lexicale-francaise-France-DOM-TOM-Guyane-Guadeloupe-Martinique-La-Reunion-Kreyo-culture-Bartholy-PIERRE-LOUIS.png\",\"width\":2088,\"height\":1044},{\"@type\":\"BreadcrumbList\",\"@id\":\"https:\\\/\\\/kreyo-culture.com\\\/?p=127#breadcrumb\",\"itemListElement\":[{\"@type\":\"ListItem\",\"position\":1,\"name\":\"Accueil\",\"item\":\"https:\\\/\\\/kreyo-culture.com\\\/\"},{\"@type\":\"ListItem\",\"position\":2,\"name\":\"La France, un espace cr\u00e9olo-francophone\"}]},{\"@type\":\"WebSite\",\"@id\":\"https:\\\/\\\/kreyo-culture.com\\\/#website\",\"url\":\"https:\\\/\\\/kreyo-culture.com\\\/\",\"name\":\"Kreyo-culture\",\"description\":\"La r\u00e9f\u00e9rence de la culture cr\u00e9ole d&#039;Ha\u00efti\",\"publisher\":{\"@id\":\"https:\\\/\\\/kreyo-culture.com\\\/#organization\"},\"potentialAction\":[{\"@type\":\"SearchAction\",\"target\":{\"@type\":\"EntryPoint\",\"urlTemplate\":\"https:\\\/\\\/kreyo-culture.com\\\/?s={search_term_string}\"},\"query-input\":{\"@type\":\"PropertyValueSpecification\",\"valueRequired\":true,\"valueName\":\"search_term_string\"}}],\"inLanguage\":\"fr-FR\"},{\"@type\":\"Organization\",\"@id\":\"https:\\\/\\\/kreyo-culture.com\\\/#organization\",\"name\":\"Kreyo-culture\",\"url\":\"https:\\\/\\\/kreyo-culture.com\\\/\",\"logo\":{\"@type\":\"ImageObject\",\"inLanguage\":\"fr-FR\",\"@id\":\"https:\\\/\\\/kreyo-culture.com\\\/#\\\/schema\\\/logo\\\/image\\\/\",\"url\":\"https:\\\/\\\/kreyo-culture.com\\\/wp-content\\\/uploads\\\/2022\\\/02\\\/Kreyo-Culture-Logo-Valide-1.png\",\"contentUrl\":\"https:\\\/\\\/kreyo-culture.com\\\/wp-content\\\/uploads\\\/2022\\\/02\\\/Kreyo-Culture-Logo-Valide-1.png\",\"width\":692,\"height\":692,\"caption\":\"Kreyo-culture\"},\"image\":{\"@id\":\"https:\\\/\\\/kreyo-culture.com\\\/#\\\/schema\\\/logo\\\/image\\\/\"},\"sameAs\":[\"https:\\\/\\\/ms-my.facebook.com\\\/watch\\\/Kreyoculture\\\/\",\"https:\\\/\\\/www.instagram.com\\\/kreyoculture.fr\\\/\"]},{\"@type\":\"Person\",\"@id\":\"https:\\\/\\\/kreyo-culture.com\\\/#\\\/schema\\\/person\\\/0aaa410a5d460cbe5d00d707f3929657\",\"name\":\"Max\",\"image\":{\"@type\":\"ImageObject\",\"inLanguage\":\"fr-FR\",\"@id\":\"https:\\\/\\\/secure.gravatar.com\\\/avatar\\\/7f0781e517f6d5d4ed7d0d91535f25608f0dc25adad291e55c56ce0b306a3eab?s=96&d=mm&r=g\",\"url\":\"https:\\\/\\\/secure.gravatar.com\\\/avatar\\\/7f0781e517f6d5d4ed7d0d91535f25608f0dc25adad291e55c56ce0b306a3eab?s=96&d=mm&r=g\",\"contentUrl\":\"https:\\\/\\\/secure.gravatar.com\\\/avatar\\\/7f0781e517f6d5d4ed7d0d91535f25608f0dc25adad291e55c56ce0b306a3eab?s=96&d=mm&r=g\",\"caption\":\"Max\"},\"sameAs\":[\"https:\\\/\\\/kreyo-culture.com\"],\"url\":\"https:\\\/\\\/kreyo-culture.com\\\/?author=1\"}]}<\/script>\n<!-- \/ Yoast SEO plugin. -->","yoast_head_json":{"title":"La France, un espace cr\u00e9olo-francophone - Kreyo-culture","robots":{"index":"index","follow":"follow","max-snippet":"max-snippet:-1","max-image-preview":"max-image-preview:large","max-video-preview":"max-video-preview:-1"},"canonical":"https:\/\/kreyo-culture.com\/?p=127","og_locale":"fr_FR","og_type":"article","og_title":"La France, un espace cr\u00e9olo-francophone - Kreyo-culture","og_description":"Souvent, certains ignorent que la France compte des locuteurs cr\u00e9olophones. Pourtant, il existe un nombre non n\u00e9gligeable de cr\u00e9olophones de France. Ils sont, en r\u00e9alit\u00e9, des usagers des langues appel\u00e9es g\u00e9n\u00e9ralement des langues minoritaires ou encore r\u00e9gionales. Celles-ci ont parfois une fonction de mati\u00e8re \u00e0 enseigner \u00e0 l&rsquo;\u00e9cole ou \u00e0 l&rsquo;universit\u00e9.\u00a0 Les cr\u00e9oles d\u00e9riv\u00e9s du [&hellip;]","og_url":"https:\/\/kreyo-culture.com\/?p=127","og_site_name":"Kreyo-culture","article_publisher":"https:\/\/ms-my.facebook.com\/watch\/Kreyoculture\/","article_published_time":"2016-10-19T17:23:49+00:00","article_modified_time":"2022-04-10T16:27:42+00:00","og_image":[{"width":2088,"height":1044,"url":"https:\/\/kreyo-culture.com\/wp-content\/uploads\/2016\/10\/Nuage-de-mots-avec-le-creole-a-base-lexicale-francaise-France-DOM-TOM-Guyane-Guadeloupe-Martinique-La-Reunion-Kreyo-culture-Bartholy-PIERRE-LOUIS.png","type":"image\/png"}],"author":"Max","twitter_card":"summary_large_image","twitter_misc":{"\u00c9crit par":"Max","Dur\u00e9e de lecture estim\u00e9e":"3 minutes"},"schema":{"@context":"https:\/\/schema.org","@graph":[{"@type":"Article","@id":"https:\/\/kreyo-culture.com\/?p=127#article","isPartOf":{"@id":"https:\/\/kreyo-culture.com\/?p=127"},"author":{"name":"Max","@id":"https:\/\/kreyo-culture.com\/#\/schema\/person\/0aaa410a5d460cbe5d00d707f3929657"},"headline":"La France, un espace cr\u00e9olo-francophone","datePublished":"2016-10-19T17:23:49+00:00","dateModified":"2022-04-10T16:27:42+00:00","mainEntityOfPage":{"@id":"https:\/\/kreyo-culture.com\/?p=127"},"wordCount":477,"commentCount":0,"publisher":{"@id":"https:\/\/kreyo-culture.com\/#organization"},"image":{"@id":"https:\/\/kreyo-culture.com\/?p=127#primaryimage"},"thumbnailUrl":"https:\/\/kreyo-culture.com\/wp-content\/uploads\/2016\/10\/Nuage-de-mots-avec-le-creole-a-base-lexicale-francaise-France-DOM-TOM-Guyane-Guadeloupe-Martinique-La-Reunion-Kreyo-culture-Bartholy-PIERRE-LOUIS.png","keywords":["Antilles","Cr\u00e9ole","cr\u00e9olo-francophone","Cr\u00e9olophonie","Espace","France","Guadeloupe","Guyane","Martinique","R\u00e9union"],"articleSection":["J'apprends le cr\u00e9ole ha\u00eftien","Kreyo-culture | Guide"],"inLanguage":"fr-FR","potentialAction":[{"@type":"CommentAction","name":"Comment","target":["https:\/\/kreyo-culture.com\/?p=127#respond"]}]},{"@type":"WebPage","@id":"https:\/\/kreyo-culture.com\/?p=127","url":"https:\/\/kreyo-culture.com\/?p=127","name":"La France, un espace cr\u00e9olo-francophone - Kreyo-culture","isPartOf":{"@id":"https:\/\/kreyo-culture.com\/#website"},"primaryImageOfPage":{"@id":"https:\/\/kreyo-culture.com\/?p=127#primaryimage"},"image":{"@id":"https:\/\/kreyo-culture.com\/?p=127#primaryimage"},"thumbnailUrl":"https:\/\/kreyo-culture.com\/wp-content\/uploads\/2016\/10\/Nuage-de-mots-avec-le-creole-a-base-lexicale-francaise-France-DOM-TOM-Guyane-Guadeloupe-Martinique-La-Reunion-Kreyo-culture-Bartholy-PIERRE-LOUIS.png","datePublished":"2016-10-19T17:23:49+00:00","dateModified":"2022-04-10T16:27:42+00:00","breadcrumb":{"@id":"https:\/\/kreyo-culture.com\/?p=127#breadcrumb"},"inLanguage":"fr-FR","potentialAction":[{"@type":"ReadAction","target":["https:\/\/kreyo-culture.com\/?p=127"]}]},{"@type":"ImageObject","inLanguage":"fr-FR","@id":"https:\/\/kreyo-culture.com\/?p=127#primaryimage","url":"https:\/\/kreyo-culture.com\/wp-content\/uploads\/2016\/10\/Nuage-de-mots-avec-le-creole-a-base-lexicale-francaise-France-DOM-TOM-Guyane-Guadeloupe-Martinique-La-Reunion-Kreyo-culture-Bartholy-PIERRE-LOUIS.png","contentUrl":"https:\/\/kreyo-culture.com\/wp-content\/uploads\/2016\/10\/Nuage-de-mots-avec-le-creole-a-base-lexicale-francaise-France-DOM-TOM-Guyane-Guadeloupe-Martinique-La-Reunion-Kreyo-culture-Bartholy-PIERRE-LOUIS.png","width":2088,"height":1044},{"@type":"BreadcrumbList","@id":"https:\/\/kreyo-culture.com\/?p=127#breadcrumb","itemListElement":[{"@type":"ListItem","position":1,"name":"Accueil","item":"https:\/\/kreyo-culture.com\/"},{"@type":"ListItem","position":2,"name":"La France, un espace cr\u00e9olo-francophone"}]},{"@type":"WebSite","@id":"https:\/\/kreyo-culture.com\/#website","url":"https:\/\/kreyo-culture.com\/","name":"Kreyo-culture","description":"La r\u00e9f\u00e9rence de la culture cr\u00e9ole d&#039;Ha\u00efti","publisher":{"@id":"https:\/\/kreyo-culture.com\/#organization"},"potentialAction":[{"@type":"SearchAction","target":{"@type":"EntryPoint","urlTemplate":"https:\/\/kreyo-culture.com\/?s={search_term_string}"},"query-input":{"@type":"PropertyValueSpecification","valueRequired":true,"valueName":"search_term_string"}}],"inLanguage":"fr-FR"},{"@type":"Organization","@id":"https:\/\/kreyo-culture.com\/#organization","name":"Kreyo-culture","url":"https:\/\/kreyo-culture.com\/","logo":{"@type":"ImageObject","inLanguage":"fr-FR","@id":"https:\/\/kreyo-culture.com\/#\/schema\/logo\/image\/","url":"https:\/\/kreyo-culture.com\/wp-content\/uploads\/2022\/02\/Kreyo-Culture-Logo-Valide-1.png","contentUrl":"https:\/\/kreyo-culture.com\/wp-content\/uploads\/2022\/02\/Kreyo-Culture-Logo-Valide-1.png","width":692,"height":692,"caption":"Kreyo-culture"},"image":{"@id":"https:\/\/kreyo-culture.com\/#\/schema\/logo\/image\/"},"sameAs":["https:\/\/ms-my.facebook.com\/watch\/Kreyoculture\/","https:\/\/www.instagram.com\/kreyoculture.fr\/"]},{"@type":"Person","@id":"https:\/\/kreyo-culture.com\/#\/schema\/person\/0aaa410a5d460cbe5d00d707f3929657","name":"Max","image":{"@type":"ImageObject","inLanguage":"fr-FR","@id":"https:\/\/secure.gravatar.com\/avatar\/7f0781e517f6d5d4ed7d0d91535f25608f0dc25adad291e55c56ce0b306a3eab?s=96&d=mm&r=g","url":"https:\/\/secure.gravatar.com\/avatar\/7f0781e517f6d5d4ed7d0d91535f25608f0dc25adad291e55c56ce0b306a3eab?s=96&d=mm&r=g","contentUrl":"https:\/\/secure.gravatar.com\/avatar\/7f0781e517f6d5d4ed7d0d91535f25608f0dc25adad291e55c56ce0b306a3eab?s=96&d=mm&r=g","caption":"Max"},"sameAs":["https:\/\/kreyo-culture.com"],"url":"https:\/\/kreyo-culture.com\/?author=1"}]}},"_links":{"self":[{"href":"https:\/\/kreyo-culture.com\/index.php?rest_route=\/wp\/v2\/posts\/127","targetHints":{"allow":["GET"]}}],"collection":[{"href":"https:\/\/kreyo-culture.com\/index.php?rest_route=\/wp\/v2\/posts"}],"about":[{"href":"https:\/\/kreyo-culture.com\/index.php?rest_route=\/wp\/v2\/types\/post"}],"author":[{"embeddable":true,"href":"https:\/\/kreyo-culture.com\/index.php?rest_route=\/wp\/v2\/users\/1"}],"replies":[{"embeddable":true,"href":"https:\/\/kreyo-culture.com\/index.php?rest_route=%2Fwp%2Fv2%2Fcomments&post=127"}],"version-history":[{"count":11,"href":"https:\/\/kreyo-culture.com\/index.php?rest_route=\/wp\/v2\/posts\/127\/revisions"}],"predecessor-version":[{"id":536,"href":"https:\/\/kreyo-culture.com\/index.php?rest_route=\/wp\/v2\/posts\/127\/revisions\/536"}],"wp:featuredmedia":[{"embeddable":true,"href":"https:\/\/kreyo-culture.com\/index.php?rest_route=\/wp\/v2\/media\/466"}],"wp:attachment":[{"href":"https:\/\/kreyo-culture.com\/index.php?rest_route=%2Fwp%2Fv2%2Fmedia&parent=127"}],"wp:term":[{"taxonomy":"category","embeddable":true,"href":"https:\/\/kreyo-culture.com\/index.php?rest_route=%2Fwp%2Fv2%2Fcategories&post=127"},{"taxonomy":"post_tag","embeddable":true,"href":"https:\/\/kreyo-culture.com\/index.php?rest_route=%2Fwp%2Fv2%2Ftags&post=127"}],"curies":[{"name":"wp","href":"https:\/\/api.w.org\/{rel}","templated":true}]}}