{"id":516,"date":"2022-03-21T13:19:20","date_gmt":"2022-03-21T12:19:20","guid":{"rendered":"https:\/\/kreyo-culture.com\/?p=516"},"modified":"2022-03-22T15:29:18","modified_gmt":"2022-03-22T14:29:18","slug":"election-dhaiti-au-conseil-executif-unesco","status":"publish","type":"post","link":"https:\/\/kreyo-culture.com\/?p=516","title":{"rendered":"Ha\u00efti \u00e9lu au Conseil de l&rsquo;UNESCO"},"content":{"rendered":"<h2><span style=\"font-weight: 400;\">La R\u00e9publique d&rsquo;Ha\u00efti a \u00e9t\u00e9 \u00e9lue, le 17 novembre 2021, au Conseil ex\u00e9cutif de l\u2019UNESCO (United Nations Educational Scientific and Cultural Organization), en fran\u00e7ais : Organisation des Nations Unies pour l&rsquo;\u00e9ducation, la science et la culture. <\/span><\/h2>\n<p><strong>En effet, Ha\u00efti y si\u00e8ge pour la p\u00e9riode de 2021 \u00e0 2025, soit une dur\u00e9e de quatre (4) ans. Cette \u00e9lection a eu lieu \u00e0 Paris (France), le 17 novembre dernier, au cours de la 41\u00e8me session de la Conf\u00e9rence g\u00e9n\u00e9rale de l\u2019organisation.<\/strong><\/p>\n<p><strong>Selon la d\u00e9l\u00e9gation permanente d&rsquo;Ha\u00efti aupr\u00e8s de l\u2019UNESCO, l\u2019\u00e9lection de la R\u00e9publique d&rsquo;Ha\u00efti au Conseil ex\u00e9cutif est le r\u00e9sultat de huit (8) mois de campagne sans rel\u00e2che au sein de l\u2019organisation. La d\u00e9l\u00e9gu\u00e9e permanente d\u2019Ha\u00efti aupr\u00e8s de l\u2019UNESCO, Madame Dominique Dupuy, a r\u00e9agi sur Twitter, ce jeudi, pour exprimer la reconnaissance de la d\u00e9l\u00e9gation vis-\u00e0-vis des pays votants, tout en croyant dans l\u2019avancement d\u2019un commun destin.<\/strong><\/p>\n<p><strong>Ha\u00efti a obtenu 119 voix sur 178 pays votants dans le cadre de ce scrutin. Pendant 75 ans de pr\u00e9sence au sein de l\u2019UNESCO, c\u2019est pour la 5\u00e8me fois qu&rsquo;Ha\u00efti y a \u00e9t\u00e9 \u00e9lu. La R\u00e9publique d&rsquo;Ha\u00efti faisait partie de cinq candidats du sous-groupe de la CARICOM (Groupe III) se disputaient trois si\u00e8ges. Compos\u00e9 de 58 membres, le Conseil ex\u00e9cutif de l\u2019Unesco est l\u2019un des organes constitutionnels o\u00f9 sont prises les grandes d\u00e9cisions. Souhaitons qu&rsquo;Ha\u00efti arrive \u00e0 mettre ses comp\u00e9tences professionnelles \u00e0 profit afin de participer au d\u00e9veloppement \u00e9ducatif de la Cara\u00efbe, un domaine o\u00f9 les attentes sont diverses et vari\u00e9es.\u00a0<\/strong><\/p>\n<p><strong>kreyo-culture<\/strong><\/p>\n","protected":false},"excerpt":{"rendered":"<p>La R\u00e9publique d&rsquo;Ha\u00efti a \u00e9t\u00e9 \u00e9lue, le 17 novembre 2021, au Conseil ex\u00e9cutif de l\u2019UNESCO (United Nations Educational Scientific and Cultural Organization), en fran\u00e7ais : Organisation des Nations Unies pour l&rsquo;\u00e9ducation, la science et la culture. En effet, Ha\u00efti y si\u00e8ge pour la p\u00e9riode de 2021 \u00e0 2025, soit une dur\u00e9e de quatre (4) ans. [&hellip;]<\/p>\n","protected":false},"author":1,"featured_media":517,"comment_status":"open","ping_status":"open","sticky":false,"template":"","format":"standard","meta":{"ocean_post_layout":"both-sidebars","ocean_both_sidebars_style":"","ocean_both_sidebars_content_width":0,"ocean_both_sidebars_sidebars_width":0,"ocean_sidebar":"0","ocean_second_sidebar":"0","ocean_disable_margins":"enable","ocean_add_body_class":"","ocean_shortcode_before_top_bar":"","ocean_shortcode_after_top_bar":"","ocean_shortcode_before_header":"","ocean_shortcode_after_header":"","ocean_has_shortcode":"","ocean_shortcode_after_title":"","ocean_shortcode_before_footer_widgets":"","ocean_shortcode_after_footer_widgets":"","ocean_shortcode_before_footer_bottom":"","ocean_shortcode_after_footer_bottom":"","ocean_display_top_bar":"default","ocean_display_header":"default","ocean_header_style":"","ocean_center_header_left_menu":"0","ocean_custom_header_template":"0","ocean_custom_logo":0,"ocean_custom_retina_logo":0,"ocean_custom_logo_max_width":0,"ocean_custom_logo_tablet_max_width":0,"ocean_custom_logo_mobile_max_width":0,"ocean_custom_logo_max_height":0,"ocean_custom_logo_tablet_max_height":0,"ocean_custom_logo_mobile_max_height":0,"ocean_header_custom_menu":"0","ocean_menu_typo_font_family":"0","ocean_menu_typo_font_subset":"","ocean_menu_typo_font_size":0,"ocean_menu_typo_font_size_tablet":0,"ocean_menu_typo_font_size_mobile":0,"ocean_menu_typo_font_size_unit":"px","ocean_menu_typo_font_weight":"","ocean_menu_typo_font_weight_tablet":"","ocean_menu_typo_font_weight_mobile":"","ocean_menu_typo_transform":"","ocean_menu_typo_transform_tablet":"","ocean_menu_typo_transform_mobile":"","ocean_menu_typo_line_height":0,"ocean_menu_typo_line_height_tablet":0,"ocean_menu_typo_line_height_mobile":0,"ocean_menu_typo_line_height_unit":"","ocean_menu_typo_spacing":0,"ocean_menu_typo_spacing_tablet":0,"ocean_menu_typo_spacing_mobile":0,"ocean_menu_typo_spacing_unit":"","ocean_menu_link_color":"","ocean_menu_link_color_hover":"","ocean_menu_link_color_active":"","ocean_menu_link_background":"","ocean_menu_link_hover_background":"","ocean_menu_link_active_background":"","ocean_menu_social_links_bg":"","ocean_menu_social_hover_links_bg":"","ocean_menu_social_links_color":"","ocean_menu_social_hover_links_color":"","ocean_disable_title":"default","ocean_disable_heading":"default","ocean_post_title":"","ocean_post_subheading":"","ocean_post_title_style":"","ocean_post_title_background_color":"","ocean_post_title_background":0,"ocean_post_title_bg_image_position":"","ocean_post_title_bg_image_attachment":"","ocean_post_title_bg_image_repeat":"","ocean_post_title_bg_image_size":"","ocean_post_title_height":0,"ocean_post_title_bg_overlay":0.5,"ocean_post_title_bg_overlay_color":"","ocean_disable_breadcrumbs":"default","ocean_breadcrumbs_color":"","ocean_breadcrumbs_separator_color":"","ocean_breadcrumbs_links_color":"","ocean_breadcrumbs_links_hover_color":"","ocean_display_footer_widgets":"default","ocean_display_footer_bottom":"default","ocean_custom_footer_template":"0","ocean_post_oembed":"","ocean_post_self_hosted_media":"","ocean_post_video_embed":"","ocean_link_format":"","ocean_link_format_target":"self","ocean_quote_format":"","ocean_quote_format_link":"post","ocean_gallery_link_images":"off","ocean_gallery_id":[],"footnotes":""},"categories":[1],"tags":[],"class_list":["post-516","post","type-post","status-publish","format-standard","has-post-thumbnail","hentry","category-kreyo-culture-guide","entry","has-media"],"yoast_head":"<!-- This site is optimized with the Yoast SEO plugin v27.5 - https:\/\/yoast.com\/product\/yoast-seo-wordpress\/ -->\n<title>Ha\u00efti \u00e9lu au Conseil de l&#039;UNESCO - Kreyo-culture<\/title>\n<meta name=\"description\" content=\"La R\u00e9publique d&#039;Ha\u00efti a \u00e9t\u00e9 \u00e9lue au Conseil ex\u00e9cutif de l\u2019UNESCO pour la p\u00e9riode de 2021 \u00e0 2025, le 17 novembre 2021, \u00e0 Paris.\" \/>\n<meta name=\"robots\" content=\"index, follow, max-snippet:-1, max-image-preview:large, max-video-preview:-1\" \/>\n<link rel=\"canonical\" href=\"https:\/\/kreyo-culture.com\/?p=516\" \/>\n<meta property=\"og:locale\" content=\"fr_FR\" \/>\n<meta property=\"og:type\" content=\"article\" \/>\n<meta property=\"og:title\" content=\"Ha\u00efti \u00e9lu au Conseil de l&#039;UNESCO - Kreyo-culture\" \/>\n<meta property=\"og:description\" content=\"La R\u00e9publique d&#039;Ha\u00efti a \u00e9t\u00e9 \u00e9lue au Conseil ex\u00e9cutif de l\u2019UNESCO pour la p\u00e9riode de 2021 \u00e0 2025, le 17 novembre 2021, \u00e0 Paris.\" \/>\n<meta property=\"og:url\" content=\"https:\/\/kreyo-culture.com\/?p=516\" \/>\n<meta property=\"og:site_name\" content=\"Kreyo-culture\" \/>\n<meta property=\"article:publisher\" content=\"https:\/\/ms-my.facebook.com\/watch\/Kreyoculture\/\" \/>\n<meta property=\"article:published_time\" content=\"2022-03-21T12:19:20+00:00\" \/>\n<meta property=\"article:modified_time\" content=\"2022-03-22T14:29:18+00:00\" \/>\n<meta property=\"og:image\" content=\"https:\/\/kreyo-culture.com\/wp-content\/uploads\/2022\/03\/Election-d-Haiti-au-Conseil-executif-UNESCO.jpg\" \/>\n\t<meta property=\"og:image:width\" content=\"1920\" \/>\n\t<meta property=\"og:image:height\" content=\"1080\" \/>\n\t<meta property=\"og:image:type\" content=\"image\/jpeg\" \/>\n<meta name=\"author\" content=\"Max\" \/>\n<meta name=\"twitter:card\" content=\"summary_large_image\" \/>\n<meta name=\"twitter:label1\" content=\"\u00c9crit par\" \/>\n\t<meta name=\"twitter:data1\" content=\"Max\" \/>\n\t<meta name=\"twitter:label2\" content=\"Dur\u00e9e de lecture estim\u00e9e\" \/>\n\t<meta name=\"twitter:data2\" content=\"2 minutes\" \/>\n<script type=\"application\/ld+json\" class=\"yoast-schema-graph\">{\"@context\":\"https:\\\/\\\/schema.org\",\"@graph\":[{\"@type\":\"Article\",\"@id\":\"https:\\\/\\\/kreyo-culture.com\\\/?p=516#article\",\"isPartOf\":{\"@id\":\"https:\\\/\\\/kreyo-culture.com\\\/?p=516\"},\"author\":{\"name\":\"Max\",\"@id\":\"https:\\\/\\\/kreyo-culture.com\\\/#\\\/schema\\\/person\\\/0aaa410a5d460cbe5d00d707f3929657\"},\"headline\":\"Ha\u00efti \u00e9lu au Conseil de l&rsquo;UNESCO\",\"datePublished\":\"2022-03-21T12:19:20+00:00\",\"dateModified\":\"2022-03-22T14:29:18+00:00\",\"mainEntityOfPage\":{\"@id\":\"https:\\\/\\\/kreyo-culture.com\\\/?p=516\"},\"wordCount\":294,\"commentCount\":0,\"publisher\":{\"@id\":\"https:\\\/\\\/kreyo-culture.com\\\/#organization\"},\"image\":{\"@id\":\"https:\\\/\\\/kreyo-culture.com\\\/?p=516#primaryimage\"},\"thumbnailUrl\":\"https:\\\/\\\/kreyo-culture.com\\\/wp-content\\\/uploads\\\/2022\\\/03\\\/Election-d-Haiti-au-Conseil-executif-UNESCO.jpg\",\"articleSection\":[\"Kreyo-culture | Guide\"],\"inLanguage\":\"fr-FR\",\"potentialAction\":[{\"@type\":\"CommentAction\",\"name\":\"Comment\",\"target\":[\"https:\\\/\\\/kreyo-culture.com\\\/?p=516#respond\"]}]},{\"@type\":\"WebPage\",\"@id\":\"https:\\\/\\\/kreyo-culture.com\\\/?p=516\",\"url\":\"https:\\\/\\\/kreyo-culture.com\\\/?p=516\",\"name\":\"Ha\u00efti \u00e9lu au Conseil de l'UNESCO - Kreyo-culture\",\"isPartOf\":{\"@id\":\"https:\\\/\\\/kreyo-culture.com\\\/#website\"},\"primaryImageOfPage\":{\"@id\":\"https:\\\/\\\/kreyo-culture.com\\\/?p=516#primaryimage\"},\"image\":{\"@id\":\"https:\\\/\\\/kreyo-culture.com\\\/?p=516#primaryimage\"},\"thumbnailUrl\":\"https:\\\/\\\/kreyo-culture.com\\\/wp-content\\\/uploads\\\/2022\\\/03\\\/Election-d-Haiti-au-Conseil-executif-UNESCO.jpg\",\"datePublished\":\"2022-03-21T12:19:20+00:00\",\"dateModified\":\"2022-03-22T14:29:18+00:00\",\"description\":\"La R\u00e9publique d'Ha\u00efti a \u00e9t\u00e9 \u00e9lue au Conseil ex\u00e9cutif de l\u2019UNESCO pour la p\u00e9riode de 2021 \u00e0 2025, le 17 novembre 2021, \u00e0 Paris.\",\"breadcrumb\":{\"@id\":\"https:\\\/\\\/kreyo-culture.com\\\/?p=516#breadcrumb\"},\"inLanguage\":\"fr-FR\",\"potentialAction\":[{\"@type\":\"ReadAction\",\"target\":[\"https:\\\/\\\/kreyo-culture.com\\\/?p=516\"]}]},{\"@type\":\"ImageObject\",\"inLanguage\":\"fr-FR\",\"@id\":\"https:\\\/\\\/kreyo-culture.com\\\/?p=516#primaryimage\",\"url\":\"https:\\\/\\\/kreyo-culture.com\\\/wp-content\\\/uploads\\\/2022\\\/03\\\/Election-d-Haiti-au-Conseil-executif-UNESCO.jpg\",\"contentUrl\":\"https:\\\/\\\/kreyo-culture.com\\\/wp-content\\\/uploads\\\/2022\\\/03\\\/Election-d-Haiti-au-Conseil-executif-UNESCO.jpg\",\"width\":1920,\"height\":1080},{\"@type\":\"BreadcrumbList\",\"@id\":\"https:\\\/\\\/kreyo-culture.com\\\/?p=516#breadcrumb\",\"itemListElement\":[{\"@type\":\"ListItem\",\"position\":1,\"name\":\"Accueil\",\"item\":\"https:\\\/\\\/kreyo-culture.com\\\/\"},{\"@type\":\"ListItem\",\"position\":2,\"name\":\"Ha\u00efti \u00e9lu au Conseil de l&rsquo;UNESCO\"}]},{\"@type\":\"WebSite\",\"@id\":\"https:\\\/\\\/kreyo-culture.com\\\/#website\",\"url\":\"https:\\\/\\\/kreyo-culture.com\\\/\",\"name\":\"Kreyo-culture\",\"description\":\"La r\u00e9f\u00e9rence de la culture cr\u00e9ole d&#039;Ha\u00efti\",\"publisher\":{\"@id\":\"https:\\\/\\\/kreyo-culture.com\\\/#organization\"},\"potentialAction\":[{\"@type\":\"SearchAction\",\"target\":{\"@type\":\"EntryPoint\",\"urlTemplate\":\"https:\\\/\\\/kreyo-culture.com\\\/?s={search_term_string}\"},\"query-input\":{\"@type\":\"PropertyValueSpecification\",\"valueRequired\":true,\"valueName\":\"search_term_string\"}}],\"inLanguage\":\"fr-FR\"},{\"@type\":\"Organization\",\"@id\":\"https:\\\/\\\/kreyo-culture.com\\\/#organization\",\"name\":\"Kreyo-culture\",\"url\":\"https:\\\/\\\/kreyo-culture.com\\\/\",\"logo\":{\"@type\":\"ImageObject\",\"inLanguage\":\"fr-FR\",\"@id\":\"https:\\\/\\\/kreyo-culture.com\\\/#\\\/schema\\\/logo\\\/image\\\/\",\"url\":\"https:\\\/\\\/kreyo-culture.com\\\/wp-content\\\/uploads\\\/2022\\\/02\\\/Kreyo-Culture-Logo-Valide-1.png\",\"contentUrl\":\"https:\\\/\\\/kreyo-culture.com\\\/wp-content\\\/uploads\\\/2022\\\/02\\\/Kreyo-Culture-Logo-Valide-1.png\",\"width\":692,\"height\":692,\"caption\":\"Kreyo-culture\"},\"image\":{\"@id\":\"https:\\\/\\\/kreyo-culture.com\\\/#\\\/schema\\\/logo\\\/image\\\/\"},\"sameAs\":[\"https:\\\/\\\/ms-my.facebook.com\\\/watch\\\/Kreyoculture\\\/\",\"https:\\\/\\\/www.instagram.com\\\/kreyoculture.fr\\\/\"]},{\"@type\":\"Person\",\"@id\":\"https:\\\/\\\/kreyo-culture.com\\\/#\\\/schema\\\/person\\\/0aaa410a5d460cbe5d00d707f3929657\",\"name\":\"Max\",\"image\":{\"@type\":\"ImageObject\",\"inLanguage\":\"fr-FR\",\"@id\":\"https:\\\/\\\/secure.gravatar.com\\\/avatar\\\/7f0781e517f6d5d4ed7d0d91535f25608f0dc25adad291e55c56ce0b306a3eab?s=96&d=mm&r=g\",\"url\":\"https:\\\/\\\/secure.gravatar.com\\\/avatar\\\/7f0781e517f6d5d4ed7d0d91535f25608f0dc25adad291e55c56ce0b306a3eab?s=96&d=mm&r=g\",\"contentUrl\":\"https:\\\/\\\/secure.gravatar.com\\\/avatar\\\/7f0781e517f6d5d4ed7d0d91535f25608f0dc25adad291e55c56ce0b306a3eab?s=96&d=mm&r=g\",\"caption\":\"Max\"},\"sameAs\":[\"https:\\\/\\\/kreyo-culture.com\"],\"url\":\"https:\\\/\\\/kreyo-culture.com\\\/?author=1\"}]}<\/script>\n<!-- \/ Yoast SEO plugin. -->","yoast_head_json":{"title":"Ha\u00efti \u00e9lu au Conseil de l'UNESCO - Kreyo-culture","description":"La R\u00e9publique d'Ha\u00efti a \u00e9t\u00e9 \u00e9lue au Conseil ex\u00e9cutif de l\u2019UNESCO pour la p\u00e9riode de 2021 \u00e0 2025, le 17 novembre 2021, \u00e0 Paris.","robots":{"index":"index","follow":"follow","max-snippet":"max-snippet:-1","max-image-preview":"max-image-preview:large","max-video-preview":"max-video-preview:-1"},"canonical":"https:\/\/kreyo-culture.com\/?p=516","og_locale":"fr_FR","og_type":"article","og_title":"Ha\u00efti \u00e9lu au Conseil de l'UNESCO - Kreyo-culture","og_description":"La R\u00e9publique d'Ha\u00efti a \u00e9t\u00e9 \u00e9lue au Conseil ex\u00e9cutif de l\u2019UNESCO pour la p\u00e9riode de 2021 \u00e0 2025, le 17 novembre 2021, \u00e0 Paris.","og_url":"https:\/\/kreyo-culture.com\/?p=516","og_site_name":"Kreyo-culture","article_publisher":"https:\/\/ms-my.facebook.com\/watch\/Kreyoculture\/","article_published_time":"2022-03-21T12:19:20+00:00","article_modified_time":"2022-03-22T14:29:18+00:00","og_image":[{"width":1920,"height":1080,"url":"https:\/\/kreyo-culture.com\/wp-content\/uploads\/2022\/03\/Election-d-Haiti-au-Conseil-executif-UNESCO.jpg","type":"image\/jpeg"}],"author":"Max","twitter_card":"summary_large_image","twitter_misc":{"\u00c9crit par":"Max","Dur\u00e9e de lecture estim\u00e9e":"2 minutes"},"schema":{"@context":"https:\/\/schema.org","@graph":[{"@type":"Article","@id":"https:\/\/kreyo-culture.com\/?p=516#article","isPartOf":{"@id":"https:\/\/kreyo-culture.com\/?p=516"},"author":{"name":"Max","@id":"https:\/\/kreyo-culture.com\/#\/schema\/person\/0aaa410a5d460cbe5d00d707f3929657"},"headline":"Ha\u00efti \u00e9lu au Conseil de l&rsquo;UNESCO","datePublished":"2022-03-21T12:19:20+00:00","dateModified":"2022-03-22T14:29:18+00:00","mainEntityOfPage":{"@id":"https:\/\/kreyo-culture.com\/?p=516"},"wordCount":294,"commentCount":0,"publisher":{"@id":"https:\/\/kreyo-culture.com\/#organization"},"image":{"@id":"https:\/\/kreyo-culture.com\/?p=516#primaryimage"},"thumbnailUrl":"https:\/\/kreyo-culture.com\/wp-content\/uploads\/2022\/03\/Election-d-Haiti-au-Conseil-executif-UNESCO.jpg","articleSection":["Kreyo-culture | Guide"],"inLanguage":"fr-FR","potentialAction":[{"@type":"CommentAction","name":"Comment","target":["https:\/\/kreyo-culture.com\/?p=516#respond"]}]},{"@type":"WebPage","@id":"https:\/\/kreyo-culture.com\/?p=516","url":"https:\/\/kreyo-culture.com\/?p=516","name":"Ha\u00efti \u00e9lu au Conseil de l'UNESCO - Kreyo-culture","isPartOf":{"@id":"https:\/\/kreyo-culture.com\/#website"},"primaryImageOfPage":{"@id":"https:\/\/kreyo-culture.com\/?p=516#primaryimage"},"image":{"@id":"https:\/\/kreyo-culture.com\/?p=516#primaryimage"},"thumbnailUrl":"https:\/\/kreyo-culture.com\/wp-content\/uploads\/2022\/03\/Election-d-Haiti-au-Conseil-executif-UNESCO.jpg","datePublished":"2022-03-21T12:19:20+00:00","dateModified":"2022-03-22T14:29:18+00:00","description":"La R\u00e9publique d'Ha\u00efti a \u00e9t\u00e9 \u00e9lue au Conseil ex\u00e9cutif de l\u2019UNESCO pour la p\u00e9riode de 2021 \u00e0 2025, le 17 novembre 2021, \u00e0 Paris.","breadcrumb":{"@id":"https:\/\/kreyo-culture.com\/?p=516#breadcrumb"},"inLanguage":"fr-FR","potentialAction":[{"@type":"ReadAction","target":["https:\/\/kreyo-culture.com\/?p=516"]}]},{"@type":"ImageObject","inLanguage":"fr-FR","@id":"https:\/\/kreyo-culture.com\/?p=516#primaryimage","url":"https:\/\/kreyo-culture.com\/wp-content\/uploads\/2022\/03\/Election-d-Haiti-au-Conseil-executif-UNESCO.jpg","contentUrl":"https:\/\/kreyo-culture.com\/wp-content\/uploads\/2022\/03\/Election-d-Haiti-au-Conseil-executif-UNESCO.jpg","width":1920,"height":1080},{"@type":"BreadcrumbList","@id":"https:\/\/kreyo-culture.com\/?p=516#breadcrumb","itemListElement":[{"@type":"ListItem","position":1,"name":"Accueil","item":"https:\/\/kreyo-culture.com\/"},{"@type":"ListItem","position":2,"name":"Ha\u00efti \u00e9lu au Conseil de l&rsquo;UNESCO"}]},{"@type":"WebSite","@id":"https:\/\/kreyo-culture.com\/#website","url":"https:\/\/kreyo-culture.com\/","name":"Kreyo-culture","description":"La r\u00e9f\u00e9rence de la culture cr\u00e9ole d&#039;Ha\u00efti","publisher":{"@id":"https:\/\/kreyo-culture.com\/#organization"},"potentialAction":[{"@type":"SearchAction","target":{"@type":"EntryPoint","urlTemplate":"https:\/\/kreyo-culture.com\/?s={search_term_string}"},"query-input":{"@type":"PropertyValueSpecification","valueRequired":true,"valueName":"search_term_string"}}],"inLanguage":"fr-FR"},{"@type":"Organization","@id":"https:\/\/kreyo-culture.com\/#organization","name":"Kreyo-culture","url":"https:\/\/kreyo-culture.com\/","logo":{"@type":"ImageObject","inLanguage":"fr-FR","@id":"https:\/\/kreyo-culture.com\/#\/schema\/logo\/image\/","url":"https:\/\/kreyo-culture.com\/wp-content\/uploads\/2022\/02\/Kreyo-Culture-Logo-Valide-1.png","contentUrl":"https:\/\/kreyo-culture.com\/wp-content\/uploads\/2022\/02\/Kreyo-Culture-Logo-Valide-1.png","width":692,"height":692,"caption":"Kreyo-culture"},"image":{"@id":"https:\/\/kreyo-culture.com\/#\/schema\/logo\/image\/"},"sameAs":["https:\/\/ms-my.facebook.com\/watch\/Kreyoculture\/","https:\/\/www.instagram.com\/kreyoculture.fr\/"]},{"@type":"Person","@id":"https:\/\/kreyo-culture.com\/#\/schema\/person\/0aaa410a5d460cbe5d00d707f3929657","name":"Max","image":{"@type":"ImageObject","inLanguage":"fr-FR","@id":"https:\/\/secure.gravatar.com\/avatar\/7f0781e517f6d5d4ed7d0d91535f25608f0dc25adad291e55c56ce0b306a3eab?s=96&d=mm&r=g","url":"https:\/\/secure.gravatar.com\/avatar\/7f0781e517f6d5d4ed7d0d91535f25608f0dc25adad291e55c56ce0b306a3eab?s=96&d=mm&r=g","contentUrl":"https:\/\/secure.gravatar.com\/avatar\/7f0781e517f6d5d4ed7d0d91535f25608f0dc25adad291e55c56ce0b306a3eab?s=96&d=mm&r=g","caption":"Max"},"sameAs":["https:\/\/kreyo-culture.com"],"url":"https:\/\/kreyo-culture.com\/?author=1"}]}},"_links":{"self":[{"href":"https:\/\/kreyo-culture.com\/index.php?rest_route=\/wp\/v2\/posts\/516","targetHints":{"allow":["GET"]}}],"collection":[{"href":"https:\/\/kreyo-culture.com\/index.php?rest_route=\/wp\/v2\/posts"}],"about":[{"href":"https:\/\/kreyo-culture.com\/index.php?rest_route=\/wp\/v2\/types\/post"}],"author":[{"embeddable":true,"href":"https:\/\/kreyo-culture.com\/index.php?rest_route=\/wp\/v2\/users\/1"}],"replies":[{"embeddable":true,"href":"https:\/\/kreyo-culture.com\/index.php?rest_route=%2Fwp%2Fv2%2Fcomments&post=516"}],"version-history":[{"count":3,"href":"https:\/\/kreyo-culture.com\/index.php?rest_route=\/wp\/v2\/posts\/516\/revisions"}],"predecessor-version":[{"id":542,"href":"https:\/\/kreyo-culture.com\/index.php?rest_route=\/wp\/v2\/posts\/516\/revisions\/542"}],"wp:featuredmedia":[{"embeddable":true,"href":"https:\/\/kreyo-culture.com\/index.php?rest_route=\/wp\/v2\/media\/517"}],"wp:attachment":[{"href":"https:\/\/kreyo-culture.com\/index.php?rest_route=%2Fwp%2Fv2%2Fmedia&parent=516"}],"wp:term":[{"taxonomy":"category","embeddable":true,"href":"https:\/\/kreyo-culture.com\/index.php?rest_route=%2Fwp%2Fv2%2Fcategories&post=516"},{"taxonomy":"post_tag","embeddable":true,"href":"https:\/\/kreyo-culture.com\/index.php?rest_route=%2Fwp%2Fv2%2Ftags&post=516"}],"curies":[{"name":"wp","href":"https:\/\/api.w.org\/{rel}","templated":true}]}}