{"id":519,"date":"2022-03-21T14:50:04","date_gmt":"2022-03-21T13:50:04","guid":{"rendered":"https:\/\/kreyo-culture.com\/?p=519"},"modified":"2022-04-10T17:39:09","modified_gmt":"2022-04-10T15:39:09","slug":"18-novembre-commemoration-de-la-bataille-de-vertieres-en-haiti-symbole-de-liberte-ailleurs","status":"publish","type":"post","link":"https:\/\/kreyo-culture.com\/?p=519","title":{"rendered":"18 novembre: comm\u00e9moration de la bataille de verti\u00e8res en Ha\u00efti, symbole de libert\u00e9 ailleurs"},"content":{"rendered":"<h1><\/h1>\n<h2><span style=\"font-weight: 400;\">Le 18 novembre 2021 ram\u00e8ne le 218\u00e8me anniversaire de la bataille de Verti\u00e8res ayant conduit \u00e0 l\u2019ind\u00e9pendance ha\u00eftienne de 1804. Ce fut la derni\u00e8re bataille d\u00e9cisive entre les esclaves et les colons fran\u00e7ais sur l&rsquo;\u00eele d&rsquo;Ha\u00efti le 18 novembre 1803.\u00a0<\/span><\/h2>\n<p>&nbsp;<\/p>\n<p><img fetchpriority=\"high\" decoding=\"async\" class=\"aligncenter wp-image-521 size-large\" src=\"https:\/\/kreyo-culture.com\/wp-content\/uploads\/2022\/03\/La-victoire-de-l-armee-indigene-sur-l-armee-napoleonienne-Bataille-de-vertieres-en-Haiti-18-novembre-1803-Kreyoculture-Bartholy-PIERRE-LOUIS-1024x576.png\" alt=\"\" width=\"1024\" height=\"576\" srcset=\"https:\/\/kreyo-culture.com\/wp-content\/uploads\/2022\/03\/La-victoire-de-l-armee-indigene-sur-l-armee-napoleonienne-Bataille-de-vertieres-en-Haiti-18-novembre-1803-Kreyoculture-Bartholy-PIERRE-LOUIS-1024x576.png 1024w, https:\/\/kreyo-culture.com\/wp-content\/uploads\/2022\/03\/La-victoire-de-l-armee-indigene-sur-l-armee-napoleonienne-Bataille-de-vertieres-en-Haiti-18-novembre-1803-Kreyoculture-Bartholy-PIERRE-LOUIS-300x169.png 300w, https:\/\/kreyo-culture.com\/wp-content\/uploads\/2022\/03\/La-victoire-de-l-armee-indigene-sur-l-armee-napoleonienne-Bataille-de-vertieres-en-Haiti-18-novembre-1803-Kreyoculture-Bartholy-PIERRE-LOUIS-768x432.png 768w, https:\/\/kreyo-culture.com\/wp-content\/uploads\/2022\/03\/La-victoire-de-l-armee-indigene-sur-l-armee-napoleonienne-Bataille-de-vertieres-en-Haiti-18-novembre-1803-Kreyoculture-Bartholy-PIERRE-LOUIS-1536x864.png 1536w, https:\/\/kreyo-culture.com\/wp-content\/uploads\/2022\/03\/La-victoire-de-l-armee-indigene-sur-l-armee-napoleonienne-Bataille-de-vertieres-en-Haiti-18-novembre-1803-Kreyoculture-Bartholy-PIERRE-LOUIS.png 1920w\" sizes=\"(max-width: 1024px) 100vw, 1024px\" \/><\/p>\n<p><span style=\"font-weight: 400;\">En effet, ayant \u00e0 sa t\u00eate les g\u00e9n\u00e9raux Jean Jacques Dessalines et Fran\u00e7ois Capois, l\u2019arm\u00e9e indig\u00e8ne a battu \u00e0 plate couture l\u2019arm\u00e9e napol\u00e9onienne command\u00e9e par le g\u00e9n\u00e9ral Rochambeau qui avait pour objectif de r\u00e9tablir l\u2019esclavage sur l\u2019Ile. Cette bataille s\u2019est d\u00e9roul\u00e9e sur la colline de Verti\u00e8res au Cap ha\u00eftien (Nord d&rsquo;Ha\u00efti).<\/span><\/p>\n<p>&nbsp;<\/p>\n<p><img decoding=\"async\" class=\"aligncenter wp-image-522 size-large\" src=\"https:\/\/kreyo-culture.com\/wp-content\/uploads\/2022\/03\/Monument-symbolisant-la-bataille-de-vertieres-en-Haiti-Kreyoculture-Bartholy-PIERRE-LOUIS-1-1024x576.png\" alt=\"\" width=\"1024\" height=\"576\" srcset=\"https:\/\/kreyo-culture.com\/wp-content\/uploads\/2022\/03\/Monument-symbolisant-la-bataille-de-vertieres-en-Haiti-Kreyoculture-Bartholy-PIERRE-LOUIS-1-1024x576.png 1024w, https:\/\/kreyo-culture.com\/wp-content\/uploads\/2022\/03\/Monument-symbolisant-la-bataille-de-vertieres-en-Haiti-Kreyoculture-Bartholy-PIERRE-LOUIS-1-300x169.png 300w, https:\/\/kreyo-culture.com\/wp-content\/uploads\/2022\/03\/Monument-symbolisant-la-bataille-de-vertieres-en-Haiti-Kreyoculture-Bartholy-PIERRE-LOUIS-1-768x432.png 768w, https:\/\/kreyo-culture.com\/wp-content\/uploads\/2022\/03\/Monument-symbolisant-la-bataille-de-vertieres-en-Haiti-Kreyoculture-Bartholy-PIERRE-LOUIS-1-1536x864.png 1536w, https:\/\/kreyo-culture.com\/wp-content\/uploads\/2022\/03\/Monument-symbolisant-la-bataille-de-vertieres-en-Haiti-Kreyoculture-Bartholy-PIERRE-LOUIS-1.png 1920w\" sizes=\"(max-width: 1024px) 100vw, 1024px\" \/><\/p>\n<p><span style=\"font-weight: 400;\">Dans le cadre du 150\u00e8me anniversaire de cette victoire sur l\u2019arm\u00e9e fran\u00e7aise, un monument a \u00e9t\u00e9 \u00e9rig\u00e9 \u00e0 Verti\u00e8res, sous le gouvernement de Paul E. Magloire en 1953, en m\u00e9moire de cette bataille ayant rendu \u00cele d&rsquo;Ha\u00efti libre et ind\u00e9pendante. Aujourd\u2019hui, La bataille de Verti\u00e8res reste pr\u00e9sente dans la m\u00e9moire de tous.tes les Ha\u00eftiens.nes et portent les amis d&rsquo;Ha\u00efti \u00e0 la r\u00e9flexion. Ainsi, le 18 novembre est un jour f\u00e9ri\u00e9 en Ha\u00efti et celui de conf\u00e9rence-d\u00e9bat.\u00a0\u00a0<\/span><\/p>\n<p><span style=\"font-weight: 400;\">Kreyo-culture<\/span><\/p>\n","protected":false},"excerpt":{"rendered":"<p>Le 18 novembre 2021 ram\u00e8ne le 218\u00e8me anniversaire de la bataille de Verti\u00e8res ayant conduit \u00e0 l\u2019ind\u00e9pendance ha\u00eftienne de 1804. Ce fut la derni\u00e8re bataille d\u00e9cisive entre les esclaves et les colons fran\u00e7ais sur l&rsquo;\u00eele d&rsquo;Ha\u00efti le 18 novembre 1803.\u00a0 &nbsp; En effet, ayant \u00e0 sa t\u00eate les g\u00e9n\u00e9raux Jean Jacques Dessalines et Fran\u00e7ois Capois, [&hellip;]<\/p>\n","protected":false},"author":1,"featured_media":520,"comment_status":"open","ping_status":"open","sticky":false,"template":"","format":"standard","meta":{"ocean_post_layout":"both-sidebars","ocean_both_sidebars_style":"","ocean_both_sidebars_content_width":0,"ocean_both_sidebars_sidebars_width":0,"ocean_sidebar":"0","ocean_second_sidebar":"0","ocean_disable_margins":"enable","ocean_add_body_class":"","ocean_shortcode_before_top_bar":"","ocean_shortcode_after_top_bar":"","ocean_shortcode_before_header":"","ocean_shortcode_after_header":"","ocean_has_shortcode":"","ocean_shortcode_after_title":"","ocean_shortcode_before_footer_widgets":"","ocean_shortcode_after_footer_widgets":"","ocean_shortcode_before_footer_bottom":"","ocean_shortcode_after_footer_bottom":"","ocean_display_top_bar":"default","ocean_display_header":"default","ocean_header_style":"","ocean_center_header_left_menu":"0","ocean_custom_header_template":"0","ocean_custom_logo":0,"ocean_custom_retina_logo":0,"ocean_custom_logo_max_width":0,"ocean_custom_logo_tablet_max_width":0,"ocean_custom_logo_mobile_max_width":0,"ocean_custom_logo_max_height":0,"ocean_custom_logo_tablet_max_height":0,"ocean_custom_logo_mobile_max_height":0,"ocean_header_custom_menu":"0","ocean_menu_typo_font_family":"0","ocean_menu_typo_font_subset":"","ocean_menu_typo_font_size":0,"ocean_menu_typo_font_size_tablet":0,"ocean_menu_typo_font_size_mobile":0,"ocean_menu_typo_font_size_unit":"px","ocean_menu_typo_font_weight":"","ocean_menu_typo_font_weight_tablet":"","ocean_menu_typo_font_weight_mobile":"","ocean_menu_typo_transform":"","ocean_menu_typo_transform_tablet":"","ocean_menu_typo_transform_mobile":"","ocean_menu_typo_line_height":0,"ocean_menu_typo_line_height_tablet":0,"ocean_menu_typo_line_height_mobile":0,"ocean_menu_typo_line_height_unit":"","ocean_menu_typo_spacing":0,"ocean_menu_typo_spacing_tablet":0,"ocean_menu_typo_spacing_mobile":0,"ocean_menu_typo_spacing_unit":"","ocean_menu_link_color":"","ocean_menu_link_color_hover":"","ocean_menu_link_color_active":"","ocean_menu_link_background":"","ocean_menu_link_hover_background":"","ocean_menu_link_active_background":"","ocean_menu_social_links_bg":"","ocean_menu_social_hover_links_bg":"","ocean_menu_social_links_color":"","ocean_menu_social_hover_links_color":"","ocean_disable_title":"default","ocean_disable_heading":"default","ocean_post_title":"","ocean_post_subheading":"","ocean_post_title_style":"","ocean_post_title_background_color":"","ocean_post_title_background":0,"ocean_post_title_bg_image_position":"","ocean_post_title_bg_image_attachment":"","ocean_post_title_bg_image_repeat":"","ocean_post_title_bg_image_size":"","ocean_post_title_height":0,"ocean_post_title_bg_overlay":0.5,"ocean_post_title_bg_overlay_color":"","ocean_disable_breadcrumbs":"default","ocean_breadcrumbs_color":"","ocean_breadcrumbs_separator_color":"","ocean_breadcrumbs_links_color":"","ocean_breadcrumbs_links_hover_color":"","ocean_display_footer_widgets":"default","ocean_display_footer_bottom":"default","ocean_custom_footer_template":"0","ocean_post_oembed":"","ocean_post_self_hosted_media":"","ocean_post_video_embed":"","ocean_link_format":"","ocean_link_format_target":"self","ocean_quote_format":"","ocean_quote_format_link":"post","ocean_gallery_link_images":"off","ocean_gallery_id":[],"footnotes":""},"categories":[1],"tags":[8,20,9,11,10,12,13,14,15,16,17,18,19],"class_list":["post-519","post","type-post","status-publish","format-standard","has-post-thumbnail","hentry","category-kreyo-culture-guide","tag-bataille","tag-batay-vetye","tag-cap","tag-cap-haitien","tag-capois","tag-dessalines","tag-france","tag-haiti","tag-independance","tag-napoleon","tag-nord","tag-vertieres","tag-victoire","entry","has-media"],"yoast_head":"<!-- This site is optimized with the Yoast SEO plugin v27.5 - https:\/\/yoast.com\/product\/yoast-seo-wordpress\/ -->\n<title>18 novembre: comm\u00e9moration de la bataille de verti\u00e8res en Ha\u00efti, symbole de libert\u00e9 ailleurs - Kreyo-culture<\/title>\n<meta name=\"robots\" content=\"index, follow, max-snippet:-1, max-image-preview:large, max-video-preview:-1\" \/>\n<link rel=\"canonical\" href=\"https:\/\/kreyo-culture.com\/?p=519\" \/>\n<meta property=\"og:locale\" content=\"fr_FR\" \/>\n<meta property=\"og:type\" content=\"article\" \/>\n<meta property=\"og:title\" content=\"18 novembre: comm\u00e9moration de la bataille de verti\u00e8res en Ha\u00efti, symbole de libert\u00e9 ailleurs - Kreyo-culture\" \/>\n<meta property=\"og:description\" content=\"Le 18 novembre 2021 ram\u00e8ne le 218\u00e8me anniversaire de la bataille de Verti\u00e8res ayant conduit \u00e0 l\u2019ind\u00e9pendance ha\u00eftienne de 1804. Ce fut la derni\u00e8re bataille d\u00e9cisive entre les esclaves et les colons fran\u00e7ais sur l&rsquo;\u00eele d&rsquo;Ha\u00efti le 18 novembre 1803.\u00a0 &nbsp; En effet, ayant \u00e0 sa t\u00eate les g\u00e9n\u00e9raux Jean Jacques Dessalines et Fran\u00e7ois Capois, [&hellip;]\" \/>\n<meta property=\"og:url\" content=\"https:\/\/kreyo-culture.com\/?p=519\" \/>\n<meta property=\"og:site_name\" content=\"Kreyo-culture\" \/>\n<meta property=\"article:publisher\" content=\"https:\/\/ms-my.facebook.com\/watch\/Kreyoculture\/\" \/>\n<meta property=\"article:published_time\" content=\"2022-03-21T13:50:04+00:00\" \/>\n<meta property=\"article:modified_time\" content=\"2022-04-10T15:39:09+00:00\" \/>\n<meta property=\"og:image\" content=\"https:\/\/kreyo-culture.com\/wp-content\/uploads\/2022\/03\/Bataille-de-vertieres-18-novembre-1803-Bataille-de-vertieres-en-Haiti-Kreyoculture-bartholy-PIERRE-LOUIS-1024x576.png\" \/>\n\t<meta property=\"og:image:width\" content=\"1024\" \/>\n\t<meta property=\"og:image:height\" content=\"576\" \/>\n\t<meta property=\"og:image:type\" content=\"image\/png\" \/>\n<meta name=\"author\" content=\"Max\" \/>\n<meta name=\"twitter:card\" content=\"summary_large_image\" \/>\n<meta name=\"twitter:label1\" content=\"\u00c9crit par\" \/>\n\t<meta name=\"twitter:data1\" content=\"Max\" \/>\n\t<meta name=\"twitter:label2\" content=\"Dur\u00e9e de lecture estim\u00e9e\" \/>\n\t<meta name=\"twitter:data2\" content=\"2 minutes\" \/>\n<script type=\"application\/ld+json\" class=\"yoast-schema-graph\">{\"@context\":\"https:\\\/\\\/schema.org\",\"@graph\":[{\"@type\":\"Article\",\"@id\":\"https:\\\/\\\/kreyo-culture.com\\\/?p=519#article\",\"isPartOf\":{\"@id\":\"https:\\\/\\\/kreyo-culture.com\\\/?p=519\"},\"author\":{\"name\":\"Max\",\"@id\":\"https:\\\/\\\/kreyo-culture.com\\\/#\\\/schema\\\/person\\\/0aaa410a5d460cbe5d00d707f3929657\"},\"headline\":\"18 novembre: comm\u00e9moration de la bataille de verti\u00e8res en Ha\u00efti, symbole de libert\u00e9 ailleurs\",\"datePublished\":\"2022-03-21T13:50:04+00:00\",\"dateModified\":\"2022-04-10T15:39:09+00:00\",\"mainEntityOfPage\":{\"@id\":\"https:\\\/\\\/kreyo-culture.com\\\/?p=519\"},\"wordCount\":226,\"commentCount\":0,\"publisher\":{\"@id\":\"https:\\\/\\\/kreyo-culture.com\\\/#organization\"},\"image\":{\"@id\":\"https:\\\/\\\/kreyo-culture.com\\\/?p=519#primaryimage\"},\"thumbnailUrl\":\"https:\\\/\\\/kreyo-culture.com\\\/wp-content\\\/uploads\\\/2022\\\/03\\\/Bataille-de-vertieres-18-novembre-1803-Bataille-de-vertieres-en-Haiti-Kreyoculture-bartholy-PIERRE-LOUIS.png\",\"keywords\":[\"Bataille\",\"Batay v\u00e8ty\u00e8\",\"cap\",\"cap ha\u00eftien\",\"capois\",\"Dessalines\",\"France\",\"Ha\u00efti\",\"Ind\u00e9pendance\",\"Napol\u00e9on\",\"Nord\",\"verti\u00e8res\",\"victoire\"],\"articleSection\":[\"Kreyo-culture | Guide\"],\"inLanguage\":\"fr-FR\",\"potentialAction\":[{\"@type\":\"CommentAction\",\"name\":\"Comment\",\"target\":[\"https:\\\/\\\/kreyo-culture.com\\\/?p=519#respond\"]}]},{\"@type\":\"WebPage\",\"@id\":\"https:\\\/\\\/kreyo-culture.com\\\/?p=519\",\"url\":\"https:\\\/\\\/kreyo-culture.com\\\/?p=519\",\"name\":\"18 novembre: comm\u00e9moration de la bataille de verti\u00e8res en Ha\u00efti, symbole de libert\u00e9 ailleurs - Kreyo-culture\",\"isPartOf\":{\"@id\":\"https:\\\/\\\/kreyo-culture.com\\\/#website\"},\"primaryImageOfPage\":{\"@id\":\"https:\\\/\\\/kreyo-culture.com\\\/?p=519#primaryimage\"},\"image\":{\"@id\":\"https:\\\/\\\/kreyo-culture.com\\\/?p=519#primaryimage\"},\"thumbnailUrl\":\"https:\\\/\\\/kreyo-culture.com\\\/wp-content\\\/uploads\\\/2022\\\/03\\\/Bataille-de-vertieres-18-novembre-1803-Bataille-de-vertieres-en-Haiti-Kreyoculture-bartholy-PIERRE-LOUIS.png\",\"datePublished\":\"2022-03-21T13:50:04+00:00\",\"dateModified\":\"2022-04-10T15:39:09+00:00\",\"breadcrumb\":{\"@id\":\"https:\\\/\\\/kreyo-culture.com\\\/?p=519#breadcrumb\"},\"inLanguage\":\"fr-FR\",\"potentialAction\":[{\"@type\":\"ReadAction\",\"target\":[\"https:\\\/\\\/kreyo-culture.com\\\/?p=519\"]}]},{\"@type\":\"ImageObject\",\"inLanguage\":\"fr-FR\",\"@id\":\"https:\\\/\\\/kreyo-culture.com\\\/?p=519#primaryimage\",\"url\":\"https:\\\/\\\/kreyo-culture.com\\\/wp-content\\\/uploads\\\/2022\\\/03\\\/Bataille-de-vertieres-18-novembre-1803-Bataille-de-vertieres-en-Haiti-Kreyoculture-bartholy-PIERRE-LOUIS.png\",\"contentUrl\":\"https:\\\/\\\/kreyo-culture.com\\\/wp-content\\\/uploads\\\/2022\\\/03\\\/Bataille-de-vertieres-18-novembre-1803-Bataille-de-vertieres-en-Haiti-Kreyoculture-bartholy-PIERRE-LOUIS.png\",\"width\":1920,\"height\":1080},{\"@type\":\"BreadcrumbList\",\"@id\":\"https:\\\/\\\/kreyo-culture.com\\\/?p=519#breadcrumb\",\"itemListElement\":[{\"@type\":\"ListItem\",\"position\":1,\"name\":\"Accueil\",\"item\":\"https:\\\/\\\/kreyo-culture.com\\\/\"},{\"@type\":\"ListItem\",\"position\":2,\"name\":\"18 novembre: comm\u00e9moration de la bataille de verti\u00e8res en Ha\u00efti, symbole de libert\u00e9 ailleurs\"}]},{\"@type\":\"WebSite\",\"@id\":\"https:\\\/\\\/kreyo-culture.com\\\/#website\",\"url\":\"https:\\\/\\\/kreyo-culture.com\\\/\",\"name\":\"Kreyo-culture\",\"description\":\"La r\u00e9f\u00e9rence de la culture cr\u00e9ole d&#039;Ha\u00efti\",\"publisher\":{\"@id\":\"https:\\\/\\\/kreyo-culture.com\\\/#organization\"},\"potentialAction\":[{\"@type\":\"SearchAction\",\"target\":{\"@type\":\"EntryPoint\",\"urlTemplate\":\"https:\\\/\\\/kreyo-culture.com\\\/?s={search_term_string}\"},\"query-input\":{\"@type\":\"PropertyValueSpecification\",\"valueRequired\":true,\"valueName\":\"search_term_string\"}}],\"inLanguage\":\"fr-FR\"},{\"@type\":\"Organization\",\"@id\":\"https:\\\/\\\/kreyo-culture.com\\\/#organization\",\"name\":\"Kreyo-culture\",\"url\":\"https:\\\/\\\/kreyo-culture.com\\\/\",\"logo\":{\"@type\":\"ImageObject\",\"inLanguage\":\"fr-FR\",\"@id\":\"https:\\\/\\\/kreyo-culture.com\\\/#\\\/schema\\\/logo\\\/image\\\/\",\"url\":\"https:\\\/\\\/kreyo-culture.com\\\/wp-content\\\/uploads\\\/2022\\\/02\\\/Kreyo-Culture-Logo-Valide-1.png\",\"contentUrl\":\"https:\\\/\\\/kreyo-culture.com\\\/wp-content\\\/uploads\\\/2022\\\/02\\\/Kreyo-Culture-Logo-Valide-1.png\",\"width\":692,\"height\":692,\"caption\":\"Kreyo-culture\"},\"image\":{\"@id\":\"https:\\\/\\\/kreyo-culture.com\\\/#\\\/schema\\\/logo\\\/image\\\/\"},\"sameAs\":[\"https:\\\/\\\/ms-my.facebook.com\\\/watch\\\/Kreyoculture\\\/\",\"https:\\\/\\\/www.instagram.com\\\/kreyoculture.fr\\\/\"]},{\"@type\":\"Person\",\"@id\":\"https:\\\/\\\/kreyo-culture.com\\\/#\\\/schema\\\/person\\\/0aaa410a5d460cbe5d00d707f3929657\",\"name\":\"Max\",\"image\":{\"@type\":\"ImageObject\",\"inLanguage\":\"fr-FR\",\"@id\":\"https:\\\/\\\/secure.gravatar.com\\\/avatar\\\/7f0781e517f6d5d4ed7d0d91535f25608f0dc25adad291e55c56ce0b306a3eab?s=96&d=mm&r=g\",\"url\":\"https:\\\/\\\/secure.gravatar.com\\\/avatar\\\/7f0781e517f6d5d4ed7d0d91535f25608f0dc25adad291e55c56ce0b306a3eab?s=96&d=mm&r=g\",\"contentUrl\":\"https:\\\/\\\/secure.gravatar.com\\\/avatar\\\/7f0781e517f6d5d4ed7d0d91535f25608f0dc25adad291e55c56ce0b306a3eab?s=96&d=mm&r=g\",\"caption\":\"Max\"},\"sameAs\":[\"https:\\\/\\\/kreyo-culture.com\"],\"url\":\"https:\\\/\\\/kreyo-culture.com\\\/?author=1\"}]}<\/script>\n<!-- \/ Yoast SEO plugin. -->","yoast_head_json":{"title":"18 novembre: comm\u00e9moration de la bataille de verti\u00e8res en Ha\u00efti, symbole de libert\u00e9 ailleurs - Kreyo-culture","robots":{"index":"index","follow":"follow","max-snippet":"max-snippet:-1","max-image-preview":"max-image-preview:large","max-video-preview":"max-video-preview:-1"},"canonical":"https:\/\/kreyo-culture.com\/?p=519","og_locale":"fr_FR","og_type":"article","og_title":"18 novembre: comm\u00e9moration de la bataille de verti\u00e8res en Ha\u00efti, symbole de libert\u00e9 ailleurs - Kreyo-culture","og_description":"Le 18 novembre 2021 ram\u00e8ne le 218\u00e8me anniversaire de la bataille de Verti\u00e8res ayant conduit \u00e0 l\u2019ind\u00e9pendance ha\u00eftienne de 1804. Ce fut la derni\u00e8re bataille d\u00e9cisive entre les esclaves et les colons fran\u00e7ais sur l&rsquo;\u00eele d&rsquo;Ha\u00efti le 18 novembre 1803.\u00a0 &nbsp; En effet, ayant \u00e0 sa t\u00eate les g\u00e9n\u00e9raux Jean Jacques Dessalines et Fran\u00e7ois Capois, [&hellip;]","og_url":"https:\/\/kreyo-culture.com\/?p=519","og_site_name":"Kreyo-culture","article_publisher":"https:\/\/ms-my.facebook.com\/watch\/Kreyoculture\/","article_published_time":"2022-03-21T13:50:04+00:00","article_modified_time":"2022-04-10T15:39:09+00:00","og_image":[{"width":1024,"height":576,"url":"https:\/\/kreyo-culture.com\/wp-content\/uploads\/2022\/03\/Bataille-de-vertieres-18-novembre-1803-Bataille-de-vertieres-en-Haiti-Kreyoculture-bartholy-PIERRE-LOUIS-1024x576.png","type":"image\/png"}],"author":"Max","twitter_card":"summary_large_image","twitter_misc":{"\u00c9crit par":"Max","Dur\u00e9e de lecture estim\u00e9e":"2 minutes"},"schema":{"@context":"https:\/\/schema.org","@graph":[{"@type":"Article","@id":"https:\/\/kreyo-culture.com\/?p=519#article","isPartOf":{"@id":"https:\/\/kreyo-culture.com\/?p=519"},"author":{"name":"Max","@id":"https:\/\/kreyo-culture.com\/#\/schema\/person\/0aaa410a5d460cbe5d00d707f3929657"},"headline":"18 novembre: comm\u00e9moration de la bataille de verti\u00e8res en Ha\u00efti, symbole de libert\u00e9 ailleurs","datePublished":"2022-03-21T13:50:04+00:00","dateModified":"2022-04-10T15:39:09+00:00","mainEntityOfPage":{"@id":"https:\/\/kreyo-culture.com\/?p=519"},"wordCount":226,"commentCount":0,"publisher":{"@id":"https:\/\/kreyo-culture.com\/#organization"},"image":{"@id":"https:\/\/kreyo-culture.com\/?p=519#primaryimage"},"thumbnailUrl":"https:\/\/kreyo-culture.com\/wp-content\/uploads\/2022\/03\/Bataille-de-vertieres-18-novembre-1803-Bataille-de-vertieres-en-Haiti-Kreyoculture-bartholy-PIERRE-LOUIS.png","keywords":["Bataille","Batay v\u00e8ty\u00e8","cap","cap ha\u00eftien","capois","Dessalines","France","Ha\u00efti","Ind\u00e9pendance","Napol\u00e9on","Nord","verti\u00e8res","victoire"],"articleSection":["Kreyo-culture | Guide"],"inLanguage":"fr-FR","potentialAction":[{"@type":"CommentAction","name":"Comment","target":["https:\/\/kreyo-culture.com\/?p=519#respond"]}]},{"@type":"WebPage","@id":"https:\/\/kreyo-culture.com\/?p=519","url":"https:\/\/kreyo-culture.com\/?p=519","name":"18 novembre: comm\u00e9moration de la bataille de verti\u00e8res en Ha\u00efti, symbole de libert\u00e9 ailleurs - Kreyo-culture","isPartOf":{"@id":"https:\/\/kreyo-culture.com\/#website"},"primaryImageOfPage":{"@id":"https:\/\/kreyo-culture.com\/?p=519#primaryimage"},"image":{"@id":"https:\/\/kreyo-culture.com\/?p=519#primaryimage"},"thumbnailUrl":"https:\/\/kreyo-culture.com\/wp-content\/uploads\/2022\/03\/Bataille-de-vertieres-18-novembre-1803-Bataille-de-vertieres-en-Haiti-Kreyoculture-bartholy-PIERRE-LOUIS.png","datePublished":"2022-03-21T13:50:04+00:00","dateModified":"2022-04-10T15:39:09+00:00","breadcrumb":{"@id":"https:\/\/kreyo-culture.com\/?p=519#breadcrumb"},"inLanguage":"fr-FR","potentialAction":[{"@type":"ReadAction","target":["https:\/\/kreyo-culture.com\/?p=519"]}]},{"@type":"ImageObject","inLanguage":"fr-FR","@id":"https:\/\/kreyo-culture.com\/?p=519#primaryimage","url":"https:\/\/kreyo-culture.com\/wp-content\/uploads\/2022\/03\/Bataille-de-vertieres-18-novembre-1803-Bataille-de-vertieres-en-Haiti-Kreyoculture-bartholy-PIERRE-LOUIS.png","contentUrl":"https:\/\/kreyo-culture.com\/wp-content\/uploads\/2022\/03\/Bataille-de-vertieres-18-novembre-1803-Bataille-de-vertieres-en-Haiti-Kreyoculture-bartholy-PIERRE-LOUIS.png","width":1920,"height":1080},{"@type":"BreadcrumbList","@id":"https:\/\/kreyo-culture.com\/?p=519#breadcrumb","itemListElement":[{"@type":"ListItem","position":1,"name":"Accueil","item":"https:\/\/kreyo-culture.com\/"},{"@type":"ListItem","position":2,"name":"18 novembre: comm\u00e9moration de la bataille de verti\u00e8res en Ha\u00efti, symbole de libert\u00e9 ailleurs"}]},{"@type":"WebSite","@id":"https:\/\/kreyo-culture.com\/#website","url":"https:\/\/kreyo-culture.com\/","name":"Kreyo-culture","description":"La r\u00e9f\u00e9rence de la culture cr\u00e9ole d&#039;Ha\u00efti","publisher":{"@id":"https:\/\/kreyo-culture.com\/#organization"},"potentialAction":[{"@type":"SearchAction","target":{"@type":"EntryPoint","urlTemplate":"https:\/\/kreyo-culture.com\/?s={search_term_string}"},"query-input":{"@type":"PropertyValueSpecification","valueRequired":true,"valueName":"search_term_string"}}],"inLanguage":"fr-FR"},{"@type":"Organization","@id":"https:\/\/kreyo-culture.com\/#organization","name":"Kreyo-culture","url":"https:\/\/kreyo-culture.com\/","logo":{"@type":"ImageObject","inLanguage":"fr-FR","@id":"https:\/\/kreyo-culture.com\/#\/schema\/logo\/image\/","url":"https:\/\/kreyo-culture.com\/wp-content\/uploads\/2022\/02\/Kreyo-Culture-Logo-Valide-1.png","contentUrl":"https:\/\/kreyo-culture.com\/wp-content\/uploads\/2022\/02\/Kreyo-Culture-Logo-Valide-1.png","width":692,"height":692,"caption":"Kreyo-culture"},"image":{"@id":"https:\/\/kreyo-culture.com\/#\/schema\/logo\/image\/"},"sameAs":["https:\/\/ms-my.facebook.com\/watch\/Kreyoculture\/","https:\/\/www.instagram.com\/kreyoculture.fr\/"]},{"@type":"Person","@id":"https:\/\/kreyo-culture.com\/#\/schema\/person\/0aaa410a5d460cbe5d00d707f3929657","name":"Max","image":{"@type":"ImageObject","inLanguage":"fr-FR","@id":"https:\/\/secure.gravatar.com\/avatar\/7f0781e517f6d5d4ed7d0d91535f25608f0dc25adad291e55c56ce0b306a3eab?s=96&d=mm&r=g","url":"https:\/\/secure.gravatar.com\/avatar\/7f0781e517f6d5d4ed7d0d91535f25608f0dc25adad291e55c56ce0b306a3eab?s=96&d=mm&r=g","contentUrl":"https:\/\/secure.gravatar.com\/avatar\/7f0781e517f6d5d4ed7d0d91535f25608f0dc25adad291e55c56ce0b306a3eab?s=96&d=mm&r=g","caption":"Max"},"sameAs":["https:\/\/kreyo-culture.com"],"url":"https:\/\/kreyo-culture.com\/?author=1"}]}},"_links":{"self":[{"href":"https:\/\/kreyo-culture.com\/index.php?rest_route=\/wp\/v2\/posts\/519","targetHints":{"allow":["GET"]}}],"collection":[{"href":"https:\/\/kreyo-culture.com\/index.php?rest_route=\/wp\/v2\/posts"}],"about":[{"href":"https:\/\/kreyo-culture.com\/index.php?rest_route=\/wp\/v2\/types\/post"}],"author":[{"embeddable":true,"href":"https:\/\/kreyo-culture.com\/index.php?rest_route=\/wp\/v2\/users\/1"}],"replies":[{"embeddable":true,"href":"https:\/\/kreyo-culture.com\/index.php?rest_route=%2Fwp%2Fv2%2Fcomments&post=519"}],"version-history":[{"count":4,"href":"https:\/\/kreyo-culture.com\/index.php?rest_route=\/wp\/v2\/posts\/519\/revisions"}],"predecessor-version":[{"id":526,"href":"https:\/\/kreyo-culture.com\/index.php?rest_route=\/wp\/v2\/posts\/519\/revisions\/526"}],"wp:featuredmedia":[{"embeddable":true,"href":"https:\/\/kreyo-culture.com\/index.php?rest_route=\/wp\/v2\/media\/520"}],"wp:attachment":[{"href":"https:\/\/kreyo-culture.com\/index.php?rest_route=%2Fwp%2Fv2%2Fmedia&parent=519"}],"wp:term":[{"taxonomy":"category","embeddable":true,"href":"https:\/\/kreyo-culture.com\/index.php?rest_route=%2Fwp%2Fv2%2Fcategories&post=519"},{"taxonomy":"post_tag","embeddable":true,"href":"https:\/\/kreyo-culture.com\/index.php?rest_route=%2Fwp%2Fv2%2Ftags&post=519"}],"curies":[{"name":"wp","href":"https:\/\/api.w.org\/{rel}","templated":true}]}}